{"id":1135,"date":"2021-09-17T08:53:27","date_gmt":"2021-09-17T07:53:27","guid":{"rendered":"https:\/\/www.travelguide.barcelona\/non-classifiee\/metro-subway-downtown\/"},"modified":"2026-02-06T12:41:47","modified_gmt":"2026-02-06T12:41:47","slug":"metro-2","status":"publish","type":"post","link":"https:\/\/www.travelguide.barcelona\/fr\/aeroport-elprat-bcn\/transfert-centre-ville\/metro-2\/","title":{"rendered":"Transfert de l&rsquo;a\u00e9roport: en m\u00e9tro de l&rsquo;a\u00e9roport \u2192 centre ville"},"content":{"rendered":"<div id='full_slider_1'  class='avia-fullwidth-slider main_color avia-shadow   avia-builder-el-0  el_before_av_three_fourth  avia-builder-el-first   container_wrap sidebar_right'  ><div  class='avia-slideshow av-kto23lsa-74b1eba64797ef766db3a913984486f5 avia-slideshow-featured av_slideshow_full avia-slide-slider av-slideshow-ui av-control-default av-slideshow-manual av-loop-once av-loop-manual-endless av-default-height-applied  image_no_stretch avia-slideshow-1' data-slideshow-options=\"{&quot;animation&quot;:&quot;slide&quot;,&quot;autoplay&quot;:false,&quot;loop_autoplay&quot;:&quot;once&quot;,&quot;interval&quot;:5,&quot;loop_manual&quot;:&quot;manual-endless&quot;,&quot;autoplay_stopper&quot;:false,&quot;noNavigation&quot;:false,&quot;bg_slider&quot;:false,&quot;keep_padding&quot;:false,&quot;hoverpause&quot;:false,&quot;show_slide_delay&quot;:0}\"  itemprop=\"image\" itemscope=\"itemscope\" itemtype=\"https:\/\/schema.org\/ImageObject\" ><ul class='avia-slideshow-inner ' style='padding-bottom: 20.666666666667%;'><li  class='avia-slideshow-slide av-kto23lsa-74b1eba64797ef766db3a913984486f5__0  av-single-slide slide-1 slide-odd'><div data-rel='slideshow-1' class='avia-slide-wrap '   ><img decoding=\"async\" fetchpriority=\"high\" class=\"wp-image-7799 avia-img-lazy-loading-not-7799\"  src=\"https:\/\/www.travelguide.barcelona\/wp-content\/uploads\/2024\/11\/metrobcn.webp\" width=\"1500\" height=\"310\" title='metrobcn' alt='Airport Barcelona Metro'  itemprop=\"thumbnailUrl\"  style='min-height:50px; min-width:242px; ' srcset=\"https:\/\/www.travelguide.barcelona\/wp-content\/uploads\/2024\/11\/metrobcn.webp 1500w, https:\/\/www.travelguide.barcelona\/wp-content\/uploads\/2024\/11\/metrobcn-300x62.webp 300w, https:\/\/www.travelguide.barcelona\/wp-content\/uploads\/2024\/11\/metrobcn-1030x213.webp 1030w, https:\/\/www.travelguide.barcelona\/wp-content\/uploads\/2024\/11\/metrobcn-768x159.webp 768w, https:\/\/www.travelguide.barcelona\/wp-content\/uploads\/2024\/11\/metrobcn-705x146.webp 705w\" sizes=\"(max-width: 1500px) 100vw, 1500px\" \/><\/div><\/li><\/ul><\/div><\/div><div id='after_full_slider_1'  class='main_color av_default_container_wrap container_wrap sidebar_right'  ><div class='container av-section-cont-open' ><div class='template-page content  av-content-small alpha units'><div class='post-entry post-entry-type-page post-entry-1135'><div class='entry-content-wrapper clearfix'>\n<div  class='flex_column av-4k9y3z-4fb8542df848ba26ce38df686997ae85 av_three_fourth  avia-builder-el-1  el_after_av_slideshow_full  el_before_av_one_fourth  avia-builder-el-first  first flex_column_div  '     ><section  class='av_textblock_section av-kto28ob5-1e8b0343f46e7f3152d6d09f61ad298c '   itemscope=\"itemscope\" itemtype=\"https:\/\/schema.org\/BlogPosting\" itemprop=\"blogPost\" ><div class='avia_textblock'  itemprop=\"text\" ><h1>Transfert en m\u00e9tro depuis et vers l&rsquo;a\u00e9roport<\/h1>\n<p>L&rsquo;a\u00e9roport de Barcelone-El Prat est reli\u00e9 au r\u00e9seau de m\u00e9tro moderne et bien d\u00e9velopp\u00e9 de Barcelone depuis 2016. C&rsquo;est pourquoi cette liaison n&rsquo;est souvent pas mentionn\u00e9e dans les anciens guides de voyage ou sur certains sites Internet.<\/p>\n<p><strong>Vous trouverez ici les principales informations actuelles (\u00e9tat en 2026) sur les liaisons de m\u00e9tro entre l&rsquo;a\u00e9roport et Barcelone, des conseils utiles pour l&rsquo;achat de billets, ainsi que des informations int\u00e9ressantes pour un transfert sans stress. <\/strong>Cela vous permettra d&rsquo;\u00e9conomiser un temps pr\u00e9cieux et des efforts \u00e0 votre arriv\u00e9e.<\/p>\n<\/div><\/section><\/div>\n<div  class='flex_column av-2jd7db-4a9dae58aa2ecec60e18234a43988bba av_one_fourth  avia-builder-el-3  el_after_av_three_fourth  el_before_av_sidebar  flex_column_div  '     ><section  class='av_textblock_section av-m40793wt-eb824c0063e10ab0559b0727a7e3183b '   itemscope=\"itemscope\" itemtype=\"https:\/\/schema.org\/BlogPosting\" itemprop=\"blogPost\" ><div class='avia_textblock'  itemprop=\"text\" ><p><img decoding=\"async\" class=\"size-thumbnail wp-image-2744 alignleft\" src=\"https:\/\/www.travelguide.barcelona\/wp-content\/uploads\/2023\/01\/metro_bcn_sign-80x80.jpg\" alt=\"\" width=\"80\" height=\"80\" srcset=\"https:\/\/www.travelguide.barcelona\/wp-content\/uploads\/2023\/01\/metro_bcn_sign-80x80.jpg 80w, https:\/\/www.travelguide.barcelona\/wp-content\/uploads\/2023\/01\/metro_bcn_sign-36x36.jpg 36w, https:\/\/www.travelguide.barcelona\/wp-content\/uploads\/2023\/01\/metro_bcn_sign-180x180.jpg 180w\" sizes=\"(max-width: 80px) 100vw, 80px\" \/><\/p>\n<\/div><\/section><\/div>\n<div  class='avia-builder-widget-area clearfix  avia-builder-el-5  el_after_av_one_fourth  el_before_av_one_full '><div id=\"avia_auto_toc-3\" class=\"widget clearfix avia-widget-container avia_auto_toc avia_no_block_preview\"><div class=\"avia-preview-headline\">Enfold Child Table des contenus<\/div><div class=\"avia-preview-info\">Titre : Sommaire<\/div><div class=\"avia-preview-in-front\">La table ne peut \u00eatre affich\u00e9e correctement qu\u2019en partie publique.<\/div><\/div><\/div>\n<div  class='flex_column av-eu4f3j-a2f61e025d02f06eadb18e2859bb94b9 av_one_full  avia-builder-el-6  el_after_av_sidebar  el_before_av_two_third  first flex_column_div  '     ><section  class='av_textblock_section av-ldbg9kz9-8b946e0d384b872d39ef9da245db9979 '   itemscope=\"itemscope\" itemtype=\"https:\/\/schema.org\/BlogPosting\" itemprop=\"blogPost\" ><div class='avia_textblock'  itemprop=\"text\" ><h2>Quelle ligne de m\u00e9tro relie l&rsquo;a\u00e9roport de Barcelone-El Prat au centre-ville\u202f?<\/h2>\n<\/div><\/section><\/div>\n<div  class='flex_column av-gny3j-0c4c9bf7864c78041bd5063f396e137d av_two_third  avia-builder-el-8  el_after_av_one_full  el_before_av_one_third  first flex_column_div  column-top-margin'     ><section  class='av_textblock_section av-m408i8c1-5eeac0f3252805c953ddfc7c4dcbdff7 '   itemscope=\"itemscope\" itemtype=\"https:\/\/schema.org\/BlogPosting\" itemprop=\"blogPost\" ><div class='avia_textblock'  itemprop=\"text\" ><p>La ligne de m\u00e9tro L9 Sud relie l\u2019a\u00e9roport de Barcelone-El Prat \u00e0 l\u2019ouest de la ville. Elle <strong>ne dessert pas directement le centre-ville<\/strong>, mais<strong> un seul changement<\/strong> suffit pour rejoindre des zones centrales comme <strong>Pla\u00e7a de Catalunya, La Rambla ou le quartier gothique.<\/strong><\/p>\n<h3>Correspondances sur la ligne L9 Sud :<\/h3>\n<ul>\n<li><strong>Can Tries | Gornal \u2192 L10 Sud<\/strong><\/li>\n<li><strong>Torrassa \u2192 L1<\/strong> (ligne rouge), <strong>L10 Sud<\/strong><br \/>\nDirection : Pla\u00e7a de Sants, Espanya, Universitat, Catalunya, Arc de Triomf<\/li>\n<li><strong>Collblanc \u2192 L5<\/strong> (ligne bleue), <strong>L10 Sud<\/strong><br \/>\nDirection : Sants Estaci\u00f3, Diagonal, Verdaguer, Sagrada Fam\u00edlia<\/li>\n<\/ul>\n<p>La ligne L9 Sud permet \u00e9galement de se rendre directement au <strong>parc des expositions de Barcelone (Fira de Barcelona).\u00a0<\/strong><\/p>\n<p><a href=\"https:\/\/transparencia.tmb.cat\/documents\/20182\/45206\/Pl%C3%A0nol+xarxa+de+Metro.pdf\/f5578f40-5a66-46ba-907c-cf31e0d368c0?t=1743600720567\" target=\"_blank\" rel=\"noopener\">\u2b07\ufe0fPlan du r\u00e9seau du m\u00e9tro de Barcelone<\/a><br \/>\n<a href=\"https:\/\/www.tmb.cat\/documents\/20182\/242926\/L9+Sud+TERMOMETRE+HORZ.jpg\/e6e54824-3271-420f-bb34-9063dbbba127?t=1720539045740\" target=\"_blank\" rel=\"noopener\">\u2b07\ufe0f Plan de la ligne de m\u00e9tro L9 Sud (ligne de l&rsquo;a\u00e9roport)<\/a><\/p>\n<\/div><\/section><\/div>\n<div  class='flex_column av-3415rz-11ec5cfc4f7081dd775047351b64c79c av_one_third  avia-builder-el-10  el_after_av_two_third  el_before_av_hr  flex_column_div  column-top-margin'     ><section  class='av_textblock_section av-m408ai6m-4c488323d28d29dea8e328e980d275b1 '   itemscope=\"itemscope\" itemtype=\"https:\/\/schema.org\/BlogPosting\" itemprop=\"blogPost\" ><div class='avia_textblock'  itemprop=\"text\" ><div id=\"attachment_7804\" style=\"width: 410px\" class=\"wp-caption aligncenter\"><img decoding=\"async\" aria-describedby=\"caption-attachment-7804\" class=\"size-full wp-image-7804 lazyload\" data-src=\"https:\/\/www.travelguide.barcelona\/wp-content\/uploads\/2024\/11\/l9sud_metrobcn1.webp\" alt=\"M\u00e9tro Barcelone A\u00e9roport\" width=\"400\" height=\"301\" data-srcset=\"https:\/\/www.travelguide.barcelona\/wp-content\/uploads\/2024\/11\/l9sud_metrobcn1.webp 400w, https:\/\/www.travelguide.barcelona\/wp-content\/uploads\/2024\/11\/l9sud_metrobcn1-300x226.webp 300w\" data-sizes=\"(max-width: 400px) 100vw, 400px\" src=\"data:image\/svg+xml;base64,PHN2ZyB3aWR0aD0iMSIgaGVpZ2h0PSIxIiB4bWxucz0iaHR0cDovL3d3dy53My5vcmcvMjAwMC9zdmciPjwvc3ZnPg==\" style=\"--smush-placeholder-width: 400px; --smush-placeholder-aspect-ratio: 400\/301;\" \/><p id=\"caption-attachment-7804\" class=\"wp-caption-text\">La ligne de m\u00e9tro L9 Sud permet de rejoindre rapidement le centre-ville depuis l&rsquo;a\u00e9roport.<\/p><\/div>\n<\/div><\/section><\/div>\n<div  class='hr av-1z5jdr-a52c6127e5ac2adaa52e57f0f8140342 hr-default  avia-builder-el-12  el_after_av_one_third  el_before_av_one_full '><span class='hr-inner '><span class=\"hr-inner-style\"><\/span><\/span><\/div>\n<div  class='flex_column av-c33e1r-f53abff543df9018979f2668f89027fb av_one_full  avia-builder-el-13  el_after_av_hr  el_before_av_one_full  first flex_column_div  '     ><section  class='av_textblock_section av-kto377x8-bfb5d2d6aaa2befdc8d57c0d80a14c09 '   itemscope=\"itemscope\" itemtype=\"https:\/\/schema.org\/BlogPosting\" itemprop=\"blogPost\" ><div class='avia_textblock'  itemprop=\"text\" ><h3>Arr\u00eats de la ligne de l&rsquo;a\u00e9roport L9 Sud<\/h3>\n<p><strong>Aeroport T1<\/strong> &#8211; <strong>Aeroport T2<\/strong> &#8211; <strong>Mas Blau<\/strong> &#8211; <strong>Parc Nou<\/strong> &#8211; <strong>C\u00e8ntric<\/strong> &#8211; <strong>El Prat Estaci\u00f3<\/strong> &#8211; <strong>Les Moreres<\/strong> &#8211; <strong>Mercabarna<\/strong> &#8211; <strong>Parc Log\u00edstic<\/strong> &#8211; <strong>Fira<\/strong> &#8211; <strong>Europa | Fira<\/strong> (correspondance : L8) &#8211; <strong>Can Tries | Gornal<\/strong> (correspondance : L10 Sud) &#8211; <strong>Torrassa<\/strong> (correspondance : L1, L10 Sud) &#8211; <strong>Collblanc<\/strong> (correspondance : L5, L10 Sud) &#8211; <strong>Zona Universit\u00e0ria<\/strong><\/p>\n<\/div><\/section><\/div>\n<div  class='flex_column av-2ue5hr-454d1dd0b60a15972264c6439636f428 av_one_full  avia-builder-el-15  el_after_av_one_full  el_before_av_one_half  first flex_column_div  column-top-margin'     ><section  class='av_textblock_section av-m40a0zcy-49aa2aa85a27de886ac34aa82f2daa2b '   itemscope=\"itemscope\" itemtype=\"https:\/\/schema.org\/BlogPosting\" itemprop=\"blogPost\" ><div class='avia_textblock'  itemprop=\"text\" ><h3>O\u00f9 se trouve la station de m\u00e9tro \u00e0 l&rsquo;a\u00e9roport ?<\/h3>\n<p>Les deux terminaux (T1 et T2) de l&rsquo;a\u00e9roport de Barcelone-El Prat poss\u00e8dent chacun leur propre station de m\u00e9tro. Elles sont bien indiqu\u00e9es et faciles \u00e0 trouver.<\/p>\n<ul>\n<li><strong>Au terminal 1<\/strong>, l&rsquo;arr\u00eat de la ligne de m\u00e9tro L9 Sud se situe au niveau 0 et s&rsquo;appelle <strong>Aeroport T1<\/strong>.<\/li>\n<li><strong>Au terminal 2<\/strong>, l&rsquo;arr\u00eat se nomme <strong>Aeroport T2<\/strong> et se trouve devant le b\u00e2timent principal du terminal.<\/li>\n<\/ul>\n<\/div><\/section><\/div>\n<div  class='flex_column av-5d041r-e6a0c508716fc5c4b39eacfca13b8192 av_one_half  avia-builder-el-17  el_after_av_one_full  el_before_av_one_half  first flex_column_div  column-top-margin'     ><section  class='av_textblock_section av-ldbgyfxk-895b210cb46b5c426760a33925c34c99 '   itemscope=\"itemscope\" itemtype=\"https:\/\/schema.org\/BlogPosting\" itemprop=\"blogPost\" ><div class='avia_textblock'  itemprop=\"text\" ><div id=\"attachment_7819\" style=\"width: 410px\" class=\"wp-caption aligncenter\"><img decoding=\"async\" aria-describedby=\"caption-attachment-7819\" class=\"wp-image-7819 size-full lazyload\" data-src=\"https:\/\/www.travelguide.barcelona\/wp-content\/uploads\/2024\/11\/terminal1_metro-e1732735821509.webp\" alt=\"M\u00e9tro Station A\u00e9roport Barcelone T1\" width=\"400\" height=\"252\" data-srcset=\"https:\/\/www.travelguide.barcelona\/wp-content\/uploads\/2024\/11\/terminal1_metro-e1732735821509.webp 400w, https:\/\/www.travelguide.barcelona\/wp-content\/uploads\/2024\/11\/terminal1_metro-e1732735821509-300x189.webp 300w\" data-sizes=\"(max-width: 400px) 100vw, 400px\" src=\"data:image\/svg+xml;base64,PHN2ZyB3aWR0aD0iMSIgaGVpZ2h0PSIxIiB4bWxucz0iaHR0cDovL3d3dy53My5vcmcvMjAwMC9zdmciPjwvc3ZnPg==\" style=\"--smush-placeholder-width: 400px; --smush-placeholder-aspect-ratio: 400\/252;\" \/><p id=\"caption-attachment-7819\" class=\"wp-caption-text\">L&rsquo;arr\u00eat de m\u00e9tro Aeroport T1 est situ\u00e9 directement \u00e0 l&rsquo;int\u00e9rieur du terminal 1 (photo : travelguide.barcelona).<\/p><\/div>\n<\/div><\/section><\/div>\n<div  class='flex_column av-46qrj3-87c9f82e947c93a4a4f6b32a9128be1d av_one_half  avia-builder-el-19  el_after_av_one_half  el_before_av_hr  flex_column_div  column-top-margin'     ><section  class='av_textblock_section av-ldbgykjt-d5e84a88d43125e46d6057d951fb46a2 '   itemscope=\"itemscope\" itemtype=\"https:\/\/schema.org\/BlogPosting\" itemprop=\"blogPost\" ><div class='avia_textblock'  itemprop=\"text\" ><div id=\"attachment_7822\" style=\"width: 410px\" class=\"wp-caption aligncenter\"><img decoding=\"async\" aria-describedby=\"caption-attachment-7822\" class=\"wp-image-7822 size-full lazyload\" data-src=\"https:\/\/www.travelguide.barcelona\/wp-content\/uploads\/2024\/11\/terminal2_metro_en.webp\" alt=\"M\u00e9tro A\u00e9roport Barcelone T2\" width=\"400\" height=\"237\" data-srcset=\"https:\/\/www.travelguide.barcelona\/wp-content\/uploads\/2024\/11\/terminal2_metro_en.webp 400w, https:\/\/www.travelguide.barcelona\/wp-content\/uploads\/2024\/11\/terminal2_metro_en-300x178.webp 300w\" data-sizes=\"(max-width: 400px) 100vw, 400px\" src=\"data:image\/svg+xml;base64,PHN2ZyB3aWR0aD0iMSIgaGVpZ2h0PSIxIiB4bWxucz0iaHR0cDovL3d3dy53My5vcmcvMjAwMC9zdmciPjwvc3ZnPg==\" style=\"--smush-placeholder-width: 400px; --smush-placeholder-aspect-ratio: 400\/237;\" \/><p id=\"caption-attachment-7822\" class=\"wp-caption-text\">Depuis le terminal 2, il est possible d&rsquo;acc\u00e9der \u00e0 la station de m\u00e9tro Aeroport T2 apr\u00e8s un court trajet \u00e0 pied (photo : travelguide.barcelona)<\/p><\/div>\n<\/div><\/section><\/div>\n<div  class='hr av-a7a48v-0f51b583fbabd92d5c1318ea1783af12 hr-default  avia-builder-el-21  el_after_av_one_half  el_before_av_one_full '><span class='hr-inner '><span class=\"hr-inner-style\"><\/span><\/span><\/div>\n<div  class='flex_column av-9hjc1r-e77167625411b5cb32efedfe0750a086 av_one_full  avia-builder-el-22  el_after_av_hr  el_before_av_two_third  first flex_column_div  '     ><section  class='av_textblock_section av-kto48e45-1d5e7ed120296a714b369e846aeacbd7 '   itemscope=\"itemscope\" itemtype=\"https:\/\/schema.org\/BlogPosting\" itemprop=\"blogPost\" ><div class='avia_textblock'  itemprop=\"text\" ><h2>Quel billet choisir pour aller de l&rsquo;a\u00e9roport au centre-ville ? &#8211; Prix actuels des billets en 2026<\/h2>\n<\/div><\/section><\/div>\n<div  class='flex_column av-47lexb-0d8a8868bfd5e385dc1ca0c2581ab989 av_two_third  avia-builder-el-24  el_after_av_one_full  el_before_av_one_third  first flex_column_div  column-top-margin'     ><section  class='av_textblock_section av-ldbhmo8h-9746d718100af618679d1326d8efc63e '   itemscope=\"itemscope\" itemtype=\"https:\/\/schema.org\/BlogPosting\" itemprop=\"blogPost\" ><div class='avia_textblock'  itemprop=\"text\" ><h3>\u00ab Airport Ticket \u00bb : pour les trajets depuis et vers l&rsquo;a\u00e9roport<\/h3>\n<p><strong>ATTENTION : les billets standards, comme le billet simple ou la carte T-casual de 10 voyages, ne sont pas valables pour les trajets depuis ou vers l&rsquo;a\u00e9roport !<\/strong><\/p>\n<p>Pour ces trajets, vous devez acheter un billet sp\u00e9cial \u00ab Airport Ticket \u00bb, disponible directement aux distributeurs automatiques.<\/p>\n<ul>\n<li><strong>Prix<\/strong> : <strong>5,90 \u20ac<\/strong> par trajet simple (mise \u00e0 jour 2026).<\/li>\n<li>Les enfants de moins de quatre ans voyagent gratuitement.<\/li>\n<\/ul>\n<\/div><\/section><\/div>\n<div  class='flex_column av-bi4a7-7a52fbd034bbe3800e1dd7f95c67619a av_one_third  avia-builder-el-26  el_after_av_two_third  el_before_av_hr  flex_column_div  column-top-margin'     ><section  class='av_textblock_section av-ldbhmsds-175c13e8c0b436320093f9549395dfb4 '   itemscope=\"itemscope\" itemtype=\"https:\/\/schema.org\/BlogPosting\" itemprop=\"blogPost\" ><div class='avia_textblock'  itemprop=\"text\" ><div id=\"attachment_7828\" style=\"width: 410px\" class=\"wp-caption aligncenter\"><img decoding=\"async\" aria-describedby=\"caption-attachment-7828\" class=\"wp-image-7828 size-full lazyload\" data-src=\"https:\/\/www.travelguide.barcelona\/wp-content\/uploads\/2024\/11\/airport_ticket-e1732702149311.webp\" alt=\"Billet Metro Barcelone\" width=\"400\" height=\"329\" src=\"data:image\/svg+xml;base64,PHN2ZyB3aWR0aD0iMSIgaGVpZ2h0PSIxIiB4bWxucz0iaHR0cDovL3d3dy53My5vcmcvMjAwMC9zdmciPjwvc3ZnPg==\" style=\"--smush-placeholder-width: 400px; --smush-placeholder-aspect-ratio: 400\/329;\" \/><p id=\"caption-attachment-7828\" class=\"wp-caption-text\">Billet de m\u00e9tro suppl\u00e9mentaire depuis l&rsquo;a\u00e9roport BCN \u21c6 Barcelone (billet d&rsquo;a\u00e9roport)<\/p><\/div>\n<\/div><\/section><\/div>\n<div  class='hr av-58tndr-ee77a92a5d5c545e23da9e9968bfcebf hr-default  avia-builder-el-28  el_after_av_one_third  el_before_av_one_full '><span class='hr-inner '><span class=\"hr-inner-style\"><\/span><\/span><\/div>\n<div  class='flex_column av-7r7gq7-7724895197db2b58a9f192ca2cbb284b av_one_full  avia-builder-el-29  el_after_av_hr  el_before_av_two_third  first flex_column_div  '     ><section  class='av_textblock_section av-ldbhqq21-9d574baba6d27d06d36db57900884601 '   itemscope=\"itemscope\" itemtype=\"https:\/\/schema.org\/BlogPosting\" itemprop=\"blogPost\" ><div class='avia_textblock'  itemprop=\"text\" ><h3>La Hola Barcelona Travel Card : une alternative \u00e9conomique pour les visiteurs<\/h3>\n<p>Pour les voyageurs visitant Barcelone, il existe une alternative plus \u00e9conomique au billet \u00ab Airport Ticket \u00bb. Si vous pr\u00e9voyez d\u2019utiliser les transports en commun pendant votre s\u00e9jour \u00e0 Barcelone, nous vous recommandons la carte journali\u00e8re <strong>Hola Barcelona Travel Card<\/strong>.<\/p>\n<p><strong>Cette carte est \u00e9galement valable pour la ligne L9 Sud du m\u00e9tro de Barcelone, qui dessert l\u2019a\u00e9roport. Ainsi, vous \u00e9vitez de payer les 5,90 \u20ac suppl\u00e9mentaires pour le \u00ab Airport Ticket \u00bb.<\/strong><\/p>\n<\/div><\/section><\/div>\n<div  class='flex_column av-3a3zv3-193083a2352124a761d17d9a968fbfa8 av_two_third  avia-builder-el-31  el_after_av_one_full  el_before_av_one_third  first flex_column_div  column-top-margin'     ><section  class='av_textblock_section av-ldbhqyb9-bc58df0a0cd52d09500aa723d836803d '   itemscope=\"itemscope\" itemtype=\"https:\/\/schema.org\/BlogPosting\" itemprop=\"blogPost\" ><div class='avia_textblock'  itemprop=\"text\" ><h4>Mobilit\u00e9 illimit\u00e9e<\/h4>\n<p>Avec la Hola Barcelona Travel Card, vous pouvez utiliser les moyens de transport suivants de mani\u00e8re illimit\u00e9e pendant la dur\u00e9e de validit\u00e9 choisie :<\/p>\n<ul>\n<li>M\u00e9tro (y compris L9 Sud vers l&rsquo;a\u00e9roport),<\/li>\n<li>bus urbains (TMB),<\/li>\n<li>tramways,<\/li>\n<li>Trains de banlieue (FGC, zone 1),<\/li>\n<li>trains r\u00e9gionaux (Rodalies de Catalunya, zone 1)<\/li>\n<li>Funiculaire de Montju\u00efc<\/li>\n<\/ul>\n<h4>Dur\u00e9e de validit\u00e9 et prix (\u00e9tat 2026)<\/h4>\n<p>La carte est disponible comme carte journali\u00e8re avec une dur\u00e9e de validit\u00e9 de 2 \u00e0 5 jours. Les prix actuels sont les suivants :<\/p>\n<ul>\n<li>2 jours \/ 48 h : <strong>18,70 \u20ac<\/strong><\/li>\n<li>3 jours \/ 72 h : <strong>27,30 \u20ac<\/strong><\/li>\n<li>4 jours \/ 96 h : <strong>35,60 \u20ac<\/strong><\/li>\n<li>5 jours \/ 120 h : <strong>43,60 \u20ac<\/strong><\/li>\n<\/ul>\n<\/div><\/section><\/div>\n<div  class='flex_column av-4vp1hr-f92c47c152fa807294848dd6ce0fb6d0 av_one_third  avia-builder-el-33  el_after_av_two_third  el_before_av_hr  flex_column_div  column-top-margin'     ><section  class='av_textblock_section av-ldbhqtzx-3bf3dab291bc3380b35a0dee90dffade '   itemscope=\"itemscope\" itemtype=\"https:\/\/schema.org\/BlogPosting\" itemprop=\"blogPost\" ><div class='avia_textblock'  itemprop=\"text\" ><div id=\"attachment_2730\" style=\"width: 240px\" class=\"wp-caption aligncenter\"><a href=\"https:\/\/www.travelguide.barcelona\/recommends\/fr-hola-bcn\/\" target=\"_blank\" rel=\"noopener noreferrer nofollow\"><img decoding=\"async\" aria-describedby=\"caption-attachment-2730\" class=\"wp-image-2730 size-full\" src=\"https:\/\/www.travelguide.barcelona\/wp-content\/uploads\/2023\/01\/hola-bcn-travel-card-all.jpg\" alt=\"Hola Barcelona Travel Card\" width=\"230\" height=\"376\" srcset=\"https:\/\/www.travelguide.barcelona\/wp-content\/uploads\/2023\/01\/hola-bcn-travel-card-all.jpg 230w, https:\/\/www.travelguide.barcelona\/wp-content\/uploads\/2023\/01\/hola-bcn-travel-card-all-184x300.jpg 184w\" sizes=\"(max-width: 230px) 100vw, 230px\" \/><\/a><p id=\"caption-attachment-2730\" class=\"wp-caption-text\">Une seule carte pour tous les transports locaux &#8211; Hola Barcelona Travel Card<\/p><\/div>\n<\/div><\/section><\/div>\n<div  class='hr av-8s61r-cd36ad5b552ec515dd6bbf568194cfa8 hr-default  avia-builder-el-35  el_after_av_one_third  el_before_av_one_full '><span class='hr-inner '><span class=\"hr-inner-style\"><\/span><\/span><\/div>\n<div  class='flex_column av-6kcwbj-8ab32bb850e4feb9175a1f41b4d4052b av_one_full  avia-builder-el-36  el_after_av_hr  el_before_av_one_full  first flex_column_div  '     ><section  class='av_textblock_section av-ldbi2o09-55b9e069b9fea75024b0a18f220fe7f3 '   itemscope=\"itemscope\" itemtype=\"https:\/\/schema.org\/BlogPosting\" itemprop=\"blogPost\" ><div class='avia_textblock'  itemprop=\"text\" ><h2>Notre conseil : acheter \u00e0 l\u2019avance en ligne le pass transports journaliers<\/h2>\n<\/div><\/section><\/div>\n<div  class='flex_column av-5cl3xb-9bf7fc464992613ab51d9b8525535a07 av_one_full  avia-builder-el-38  el_after_av_one_full  el_before_av_one_full  first flex_column_div  column-top-margin'     ><section  class='av_textblock_section av-m40alfe4-6706dd971c213eab058257ba745def80 '   itemscope=\"itemscope\" itemtype=\"https:\/\/schema.org\/BlogPosting\" itemprop=\"blogPost\" ><div class='avia_textblock'  itemprop=\"text\" ><p><strong>Avec une seule carte \u2013 la Hola BCN Card \u2013 vous pouvez utiliser tous les transports publics de Barcelone<\/strong>, sans faire la queue aux distributeurs automatiques ni manipuler de la monnaie. Cela <strong>simplifie vos d\u00e9placements et vous fait gagner un temps pr\u00e9cieux.<\/strong><\/p>\n<div style=\"background-color: #ffefba; padding: 10px; border-radius: 10px;\"><strong>Le billet Hola BCN<\/strong> peut \u00eatre <strong>achet\u00e9 tr\u00e8s facilement en ligne \u00e0 l\u2019avance<\/strong>, depuis chez vous.<br \/>\n\ud83d\udc49 <span style=\"text-decoration: underline;\"><strong><a href=\"https:\/\/www.travelguide.barcelona\/recommends\/fr-hola-bcn\/\" target=\"_blank\" rel=\"noopener noreferrer nofollow\">Acc\u00e9der directement au fournisseur (site en fran\u00e7ais)<\/a><\/strong><\/span><\/div>\n<\/div><\/section><\/div>\n<style type=\"text\/css\" data-created_by=\"avia_inline_auto\" id=\"style-css-av-mlavjz8h-2df07d779ddd6639efed12ca97c3dd68\">\n.flex_column.av-mlavjz8h-2df07d779ddd6639efed12ca97c3dd68{\npadding:15px 0 0 0;\n}\n<\/style>\n<div  class='flex_column av-mlavjz8h-2df07d779ddd6639efed12ca97c3dd68 av_one_full  avia-builder-el-40  el_after_av_one_full  el_before_av_hr  first flex_column_div  column-top-margin'     ><section  class='av_textblock_section av-mlavjrwg-4daed5edfe58db3a1881cbe11c03bc27 '   itemscope=\"itemscope\" itemtype=\"https:\/\/schema.org\/BlogPosting\" itemprop=\"blogPost\" ><div class='avia_textblock'  itemprop=\"text\" ><h4>Avantages de la Hola Barcelona Travel Card<\/h4>\n<ul>\n<li><strong>Aucun stress<\/strong> li\u00e9 \u00e0 l\u2019achat de billets apr\u00e8s l\u2019atterrissage.<\/li>\n<li><strong>Gain de temps<\/strong> : pas besoin de se familiariser avec le syst\u00e8me tarifaire sur place, le bon titre de transport est d\u00e9j\u00e0 disponible.<\/li>\n<li><strong>Transfert a\u00e9roport inclus<\/strong> : la carte permet d\u2019utiliser la ligne de m\u00e9tro L9 Sud reliant l\u2019a\u00e9roport, qui n\u2019est pas accessible avec les billets simples ni avec la T-Casual (anciennement T-10).<\/li>\n<\/ul>\n<p>\u27a1\ufe0f <strong><a href=\"https:\/\/www.travelguide.barcelona\/fr\/transportspublics\/holabcn-hola-barcelona-travel-card\/\">Vous trouverez ici plus d\u2019informations sur la Hola Barcelona Travel Card.<\/a><\/strong><\/p>\n<\/div><\/section><\/div><div  class='hr av-5n84i7-504540c14fa1651508a6f3a318e8bfd2 hr-default  avia-builder-el-42  el_after_av_one_full  el_before_av_one_full '><span class='hr-inner '><span class=\"hr-inner-style\"><\/span><\/span><\/div><\/p>\n<div  class='flex_column av-4gtf33-20fdd6c0143b9b4867f76d1f3f638680 av_one_full  avia-builder-el-43  el_after_av_hr  el_before_av_one_full  first flex_column_div  '     ><section  class='av_textblock_section av-ldbor0x7-dd1755c84ba9985bb141f9dab29fb868 '   itemscope=\"itemscope\" itemtype=\"https:\/\/schema.org\/BlogPosting\" itemprop=\"blogPost\" ><div class='avia_textblock'  itemprop=\"text\" ><h2>Horaires de la ligne L9 Sud et heures de fonctionnement du m\u00e9tro<\/h2>\n<\/div><\/section><\/div>\n<div  class='flex_column av-f8cgqn-6b159a78083fdeaf9a6dfa71696a01da av_one_full  avia-builder-el-45  el_after_av_one_full  el_before_av_one_full  first flex_column_div  column-top-margin'     ><section  class='av_textblock_section av-m40bdqjb-7d87a13552be475b19f00c1d871b0950 '   itemscope=\"itemscope\" itemtype=\"https:\/\/schema.org\/BlogPosting\" itemprop=\"blogPost\" ><div class='avia_textblock'  itemprop=\"text\" ><p>La ligne de m\u00e9tro L9 Sud passe toutes les 7 minutes, r\u00e9duisant ainsi au minimum le temps d&rsquo;attente dans les stations de m\u00e9tro de l&rsquo;a\u00e9roport. La dur\u00e9e exacte du trajet d\u00e9pend toutefois de votre destination :<\/p>\n<ul>\n<li><strong>Jusqu&rsquo;au terminus Zona Universit\u00e0ria<\/strong> : <strong>32 minutes.<\/strong><\/li>\n<li><strong>Jusqu&rsquo;au centre-ville<\/strong> (par exemple Pla\u00e7a de Catalunya) : <strong>environ 50 minutes<\/strong>. Pour cela, vous devez changer pour la ligne L1 \u00e0 l&rsquo;arr\u00eat Torrassa.<\/li>\n<\/ul>\n<\/div><\/section><\/div>\n<div  class='flex_column av-1cvpn3-621e4f1d4e6348e481ff386c111a2d9d av_one_full  avia-builder-el-47  el_after_av_one_full  el_before_av_one_full  first flex_column_div  column-top-margin'     ><section  class='av_textblock_section av-cb8llr-37cd88ac96fec3a1534d76fd2bd30236 '   itemscope=\"itemscope\" itemtype=\"https:\/\/schema.org\/BlogPosting\" itemprop=\"blogPost\" ><div class='avia_textblock'  itemprop=\"text\" ><h4>Les horaires d&rsquo;ouverture varient selon les jours de la semaine :<\/h4>\n<p>Le m\u00e9tro de Barcelone commence \u00e0 circuler chaque jour \u00e0 cinq heures du matin. Des dispositions sp\u00e9ciales sont pr\u00e9vues les jours f\u00e9ri\u00e9s et pendant No\u00ebl. Les horaires de service varient en fonction des jours de la semaine :<\/p>\n<ul>\n<li><strong>Du lundi au jeudi<\/strong> : fin du service \u00e0 minuit (24 h 00).<\/li>\n<li><strong>Vendredi et veilles de jours f\u00e9ri\u00e9s<\/strong> : service jusqu&rsquo;\u00e0 2 h 00.<\/li>\n<li><strong>Samedi <\/strong>: service continu (24 heures).<\/li>\n<li><strong>Dimanche<\/strong> : fin du service \u00e0 minuit (24 h 00).<\/li>\n<\/ul>\n<\/div><\/section><\/div>\n<div  class='flex_column av-ajsfnz-3063443cf43345b946407818b4c5e49f av_one_full  avia-builder-el-49  el_after_av_one_full  el_before_av_hr  first flex_column_div  column-top-margin'     ><section  class='av_textblock_section av-9kh7rz-01497573204918228ed92f1980d4e5e6 '   itemscope=\"itemscope\" itemtype=\"https:\/\/schema.org\/BlogPosting\" itemprop=\"blogPost\" ><div class='avia_textblock'  itemprop=\"text\" ><h2>Les avantages du transfert en m\u00e9tro<\/h2>\n<h3>Fiabilit\u00e9<\/h3>\n<p>Le m\u00e9tro est ind\u00e9pendant du trafic et des embouteillages, ce qui garantit une dur\u00e9e de trajet constante. Dans une ville aussi fr\u00e9quent\u00e9e que Barcelone, il offre une alternative planifiable et sans stress au taxi ou au bus.<\/p>\n<h3>Accessibilit\u00e9<\/h3>\n<p>Les 15 stations de la ligne de m\u00e9tro L9 Sud sont accessibles et adapt\u00e9es \u00e0 tous les voyageurs, y compris aux personnes en situation de handicap ou \u00e0 mobilit\u00e9 r\u00e9duite. Vous pouvez ainsi acc\u00e9der au m\u00e9tro sans difficult\u00e9, m\u00eame avec un fauteuil roulant, une poussette ou des bagages lourds.<\/p>\n<\/div><\/section><\/div>\n<div  class='hr av-61x3pr-b3390511f42ccb3f088608d964df7722 hr-default  avia-builder-el-51  el_after_av_one_full  el_before_av_one_full '><span class='hr-inner '><span class=\"hr-inner-style\"><\/span><\/span><\/div>\n<div  class='flex_column av-4whjq7-c0a5bbc3b18c704d10a79bd0841f99a0 av_one_full  avia-builder-el-52  el_after_av_hr  el_before_av_three_fifth  first flex_column_div  '     ><section  class='av_textblock_section av-2jb9xb-aea1a3dad865d415752afeef88645fe8 '   itemscope=\"itemscope\" itemtype=\"https:\/\/schema.org\/BlogPosting\" itemprop=\"blogPost\" ><div class='avia_textblock'  itemprop=\"text\" ><h2>Transports alternatifs au m\u00e9tro : bus, train et taxi<\/h2>\n<p>Outre le m\u00e9tro, il existe de nombreuses autres options de transport pour se rendre de l&rsquo;a\u00e9roport au centre de Barcelone. Voici un aper\u00e7u de ces alternatives :<\/p>\n<\/div><\/section><\/div>\n<div  class='flex_column av-4nboq7-03eed7add0e6f14e6b1d775c0d9c11ce av_three_fifth  avia-builder-el-54  el_after_av_one_full  el_before_av_two_fifth  first flex_column_div  column-top-margin'     ><section  class='av_textblock_section av-m40c3c90-2e9ba0b3100abf8c49c47b70fdcf66c4 '   itemscope=\"itemscope\" itemtype=\"https:\/\/schema.org\/BlogPosting\" itemprop=\"blogPost\" ><div class='avia_textblock'  itemprop=\"text\" ><h3>En train directement vers le centre-ville:<\/h3>\n<p><a href=\"https:\/\/www.travelguide.barcelona\/fr\/aeroport-elprat-bcn\/transfert-centre-ville\/renfe-train\/\">Le train R2 Nord<\/a> part de la gare \u00ab Aeroport \u00bb et vous emm\u00e8ne directement au centre-ville, par exemple \u00e0 la gare centrale de Barcelona-Sants.<\/p>\n<h3>Avec l&rsquo;Aerob\u00fas:<\/h3>\n<p>L&rsquo;Aerob\u00fas est une autre option de transfert confortable. <a href=\"https:\/\/www.travelguide.barcelona\/fr\/aeroport-elprat-bcn\/transfert-centre-ville\/aerobus-navette\/\">Vous trouverez ici des informations d\u00e9taill\u00e9es sur les arr\u00eats, les horaires et les tarifs.<\/a><\/p>\n<h3>En taxi 24 heures sur 24:<\/h3>\n<p>Pour un maximum de flexibilit\u00e9 et de confort,<a href=\"https:\/\/www.travelguide.barcelona\/fr\/aeroport-elprat-bcn\/taxi-transfert-prix\/\"> des taxis<\/a> sont disponibles \u00e0 tout moment \u00e0 l&rsquo;a\u00e9roport. Ils sont id\u00e9aux si vous avez beaucoup de bagages ou si vous souhaitez directement vous rendre \u00e0 une destination pr\u00e9cise \u00e0 Barcelone.<\/p>\n<\/div><\/section><\/div>\n<div  class='flex_column av-81sz3-df3736d5d3f05d9f446385f6f0a3ad16 av_two_fifth  avia-builder-el-56  el_after_av_three_fifth  el_before_av_hr  flex_column_div  column-top-margin'     ><section  class='av_textblock_section av-m40c3jtt-7975c873ff0c3aafa085db2f0129876a '   itemscope=\"itemscope\" itemtype=\"https:\/\/schema.org\/BlogPosting\" itemprop=\"blogPost\" ><div class='avia_textblock'  itemprop=\"text\" ><div id=\"attachment_7845\" style=\"width: 498px\" class=\"wp-caption aligncenter\"><img decoding=\"async\" aria-describedby=\"caption-attachment-7845\" class=\"size-full wp-image-7845 lazyload\" data-src=\"https:\/\/www.travelguide.barcelona\/wp-content\/uploads\/2024\/11\/zugr2nord_bcn.webp\" alt=\"Train A\u00e9roport Barcelone Renfe\" width=\"488\" height=\"385\" data-srcset=\"https:\/\/www.travelguide.barcelona\/wp-content\/uploads\/2024\/11\/zugr2nord_bcn.webp 488w, https:\/\/www.travelguide.barcelona\/wp-content\/uploads\/2024\/11\/zugr2nord_bcn-300x237.webp 300w\" data-sizes=\"(max-width: 488px) 100vw, 488px\" src=\"data:image\/svg+xml;base64,PHN2ZyB3aWR0aD0iMSIgaGVpZ2h0PSIxIiB4bWxucz0iaHR0cDovL3d3dy53My5vcmcvMjAwMC9zdmciPjwvc3ZnPg==\" style=\"--smush-placeholder-width: 488px; --smush-placeholder-aspect-ratio: 488\/385;\" \/><p id=\"caption-attachment-7845\" class=\"wp-caption-text\">Alternative au m\u00e9tro : prendre le train de l&rsquo;a\u00e9roport au centre-ville<br \/>(photo : \u00a9 Tom Cripps)<\/p><\/div>\n<\/div><\/section><\/div>\n<div  class='hr av-6z833-793bc82d5d9179820d6b6e1d0d309df7 hr-default  avia-builder-el-58  el_after_av_two_fifth  el_before_av_textblock '><span class='hr-inner '><span class=\"hr-inner-style\"><\/span><\/span><\/div>\n<section  class='av_textblock_section av-30d4ov-40d361d80bec87356e2738f74066ebe9 '   itemscope=\"itemscope\" itemtype=\"https:\/\/schema.org\/BlogPosting\" itemprop=\"blogPost\" ><div class='avia_textblock'  itemprop=\"text\" ><h2>Foire aux questions \u2013 FAQ 2026<\/h2>\n<\/div><\/section>\n\n<style type=\"text\/css\" data-created_by=\"avia_inline_auto\" id=\"style-css-av-l14si1tt-ede1f2dc0671294290531973b4c80d26\">\n#top .togglecontainer.av-l14si1tt-ede1f2dc0671294290531973b4c80d26 p.toggler{\ncolor:#000000;\nbackground-color:rgba(255,255,255,0.91);\nborder-color:#a81010;\n}\n#top .togglecontainer.av-l14si1tt-ede1f2dc0671294290531973b4c80d26 p.toggler .toggle_icon{\ncolor:#000000;\nborder-color:#000000;\n}\n#top .togglecontainer.av-l14si1tt-ede1f2dc0671294290531973b4c80d26 .toggle_wrap .toggle_content{\ncolor:#000000;\nbackground-color:rgba(255,255,255,0.91);\nborder-color:#a81010;\n}\n<\/style>\n<div  class='togglecontainer av-l14si1tt-ede1f2dc0671294290531973b4c80d26 av-elegant-toggle  avia-builder-el-60  el_after_av_textblock  el_before_av_hr  toggle_close_all'  itemscope=\"itemscope\" itemtype=\"https:\/\/schema.org\/FAQPage\" >\n<section class='av_toggle_section av-m40cebwn-1f3e27288056e017bafeb3a3f560c946'  itemscope=\"itemscope\" itemprop=\"mainEntity\" itemtype=\"https:\/\/schema.org\/Question\" ><div role=\"tablist\" class=\"single_toggle\" data-tags=\"{Tout} \"  ><p id='toggle-toggle-id-1' data-fake-id='#toggle-id-1' class='toggler  av-title-above av-inherit-font-color hasCustomColor av-inherit-border-color'  itemprop=\"name\"  role='tab' tabindex='0' aria-controls='toggle-id-1' data-slide-speed=\"200\" data-title=\"Quelle ligne de m\u00e9tro relie l\u2019a\u00e9roport de Barcelone-El Prat au centre-ville ?\" data-title-open=\"\" data-aria_collapsed=\"Cliquez pour \u00e9tendre : Quelle ligne de m\u00e9tro relie l\u2019a\u00e9roport de Barcelone-El Prat au centre-ville ?\" data-aria_expanded=\"Cliquez pour r\u00e9duire : Quelle ligne de m\u00e9tro relie l\u2019a\u00e9roport de Barcelone-El Prat au centre-ville ?\">Quelle ligne de m\u00e9tro relie l\u2019a\u00e9roport de Barcelone-El Prat au centre-ville ?<span class=\"toggle_icon\"><span class=\"vert_icon\"><\/span><span class=\"hor_icon\"><\/span><\/span><\/p><div id='toggle-id-1' aria-labelledby='toggle-toggle-id-1' role='region' class='toggle_wrap  av-title-above'   itemscope=\"itemscope\" itemprop=\"acceptedAnswer\" itemtype=\"https:\/\/schema.org\/Answer\" ><div class='toggle_content invers-color av-inherit-font-color hasCustomColor av-inherit-border-color'  itemprop=\"text\" ><p><strong>La ligne L9 Sud<\/strong> relie l&rsquo;a\u00e9roport au centre-ville de Barcelone. Elle comprend 15 stations et permet des correspondances avec les lignes L1, L3, L5 et L10 Sud, ce qui permet d&rsquo;atteindre presque toutes les destinations importantes de la ville.<\/p>\n<p>Pour plus d&rsquo;informations sur le transfert en m\u00e9tro de l&rsquo;a\u00e9roport au centre-ville, <span style=\"text-decoration: underline;\"><strong><a href=\"https:\/\/www.travelguide.barcelona\/fr\/aeroport-elprat-bcn\/transfert-centre-ville\/metro-2\/\">consultez notre site web.<\/a><\/strong><\/span><\/p>\n<\/div><\/div><\/div><\/section>\n<section class='av_toggle_section av-l14sddsm-e1c443594fc2421f589552246220020b'  itemscope=\"itemscope\" itemprop=\"mainEntity\" itemtype=\"https:\/\/schema.org\/Question\" ><div role=\"tablist\" class=\"single_toggle\" data-tags=\"{Tout} \"  ><p id='toggle-toggle-id-2' data-fake-id='#toggle-id-2' class='toggler  av-title-above av-inherit-font-color hasCustomColor av-inherit-border-color'  itemprop=\"name\"  role='tab' tabindex='0' aria-controls='toggle-id-2' data-slide-speed=\"200\" data-title=\"O\u00f9 se trouve la station de m\u00e9tro \u00e0 l\u2019a\u00e9roport ?\" data-title-open=\"\" data-aria_collapsed=\"Cliquez pour \u00e9tendre : O\u00f9 se trouve la station de m\u00e9tro \u00e0 l\u2019a\u00e9roport ?\" data-aria_expanded=\"Cliquez pour r\u00e9duire : O\u00f9 se trouve la station de m\u00e9tro \u00e0 l\u2019a\u00e9roport ?\">O\u00f9 se trouve la station de m\u00e9tro \u00e0 l\u2019a\u00e9roport ?<span class=\"toggle_icon\"><span class=\"vert_icon\"><\/span><span class=\"hor_icon\"><\/span><\/span><\/p><div id='toggle-id-2' aria-labelledby='toggle-toggle-id-2' role='region' class='toggle_wrap  av-title-above'   itemscope=\"itemscope\" itemprop=\"acceptedAnswer\" itemtype=\"https:\/\/schema.org\/Answer\" ><div class='toggle_content invers-color av-inherit-font-color hasCustomColor av-inherit-border-color'  itemprop=\"text\" ><p>Les deux terminaux de l&rsquo;a\u00e9roport disposent de leurs propres stations de m\u00e9tro :<\/p>\n<ul>\n<li><strong>Terminal 1 (T1)<\/strong> : La station \u00ab<strong> Aeroport T1<\/strong> \u00bb se trouve au niveau 0 \u00e0 l&rsquo;int\u00e9rieur du terminal.<\/li>\n<li><strong>Terminal 2 (T2)<\/strong> : La station \u00ab <strong>Aeroport T2<\/strong> \u00bb se trouve \u00e0 l&rsquo;ext\u00e9rieur du b\u00e2timent du terminal et est bien indiqu\u00e9e.<\/li>\n<\/ul>\n<p>Pour plus d&rsquo;informations et de conseils, visitez <span style=\"text-decoration: underline;\"><strong><a href=\"https:\/\/www.travelguide.barcelona\/fr\/aeroport-elprat-bcn\/transfert-centre-ville\/metro-2\/\">notre site web.<\/a><\/strong><\/span><\/p>\n<\/div><\/div><\/div><\/section>\n<section class='av_toggle_section av-l14sf520-28db382429fb3f1608028b230255c616'  itemscope=\"itemscope\" itemprop=\"mainEntity\" itemtype=\"https:\/\/schema.org\/Question\" ><div role=\"tablist\" class=\"single_toggle\" data-tags=\"{Tout} \"  ><p id='toggle-toggle-id-3' data-fake-id='#toggle-id-3' class='toggler  av-title-above av-inherit-font-color hasCustomColor av-inherit-border-color'  itemprop=\"name\"  role='tab' tabindex='0' aria-controls='toggle-id-3' data-slide-speed=\"200\" data-title=\"Combien co\u00fbte le trajet en m\u00e9tro de l\u2019a\u00e9roport de Barcelone au centre-ville en 2026 ?\" data-title-open=\"\" data-aria_collapsed=\"Cliquez pour \u00e9tendre : Combien co\u00fbte le trajet en m\u00e9tro de l\u2019a\u00e9roport de Barcelone au centre-ville en 2026 ?\" data-aria_expanded=\"Cliquez pour r\u00e9duire : Combien co\u00fbte le trajet en m\u00e9tro de l\u2019a\u00e9roport de Barcelone au centre-ville en 2026 ?\">Combien co\u00fbte le trajet en m\u00e9tro de l\u2019a\u00e9roport de Barcelone au centre-ville en 2026 ?<span class=\"toggle_icon\"><span class=\"vert_icon\"><\/span><span class=\"hor_icon\"><\/span><\/span><\/p><div id='toggle-id-3' aria-labelledby='toggle-toggle-id-3' role='region' class='toggle_wrap  av-title-above'   itemscope=\"itemscope\" itemprop=\"acceptedAnswer\" itemtype=\"https:\/\/schema.org\/Answer\" ><div class='toggle_content invers-color av-inherit-font-color hasCustomColor av-inherit-border-color'  itemprop=\"text\" ><ul>\n<li>Les tickets individuels et la carte T-Casual de 10 trajets ne peuvent pas \u00eatre utilis\u00e9s pour les trajets depuis ou vers l&rsquo;a\u00e9roport.<\/li>\n<li>Pour le trajet en m\u00e9tro, il faut un <strong>billet sp\u00e9cial pour l&rsquo;a\u00e9roport<\/strong>, disponible aux distributeurs automatiques. Co\u00fbt : <strong>5,90 \u20ac<\/strong> (aller simple, \u00e9tat en 2026).<\/li>\n<li><strong>Alternative<\/strong> : De nombreux voyageurs optent pour la <a href=\"https:\/\/www.travelguide.barcelona\/fr\/transportspublics\/holabcn-hola-barcelona-travel-card\/\">Hola Barcelona Travel Card,<\/a> plus \u00e9conomique, qui inclut, outre le m\u00e9tro, d&rsquo;autres moyens de transport public et est valable pour un nombre illimit\u00e9 de trajets.<\/li>\n<\/ul>\n<p>Pour plus d&rsquo;informations et de conseils, visitez <span style=\"text-decoration: underline;\"><strong><a href=\"https:\/\/www.travelguide.barcelona\/fr\/aeroport-elprat-bcn\/transfert-centre-ville\/metro-2\/\">notre site web.<\/a><\/strong><\/span><\/p>\n<\/div><\/div><\/div><\/section>\n<section class='av_toggle_section av-l14shf1m-34599d6742f9ecc2d45e1c309a1eb226'  itemscope=\"itemscope\" itemprop=\"mainEntity\" itemtype=\"https:\/\/schema.org\/Question\" ><div role=\"tablist\" class=\"single_toggle\" data-tags=\"{Tout} \"  ><p id='toggle-toggle-id-4' data-fake-id='#toggle-id-4' class='toggler  av-title-above av-inherit-font-color hasCustomColor av-inherit-border-color'  itemprop=\"name\"  role='tab' tabindex='0' aria-controls='toggle-id-4' data-slide-speed=\"200\" data-title=\"Combien de temps dure le trajet en m\u00e9tro de l\u2019a\u00e9roport au centre-ville de Barcelone ?\" data-title-open=\"\" data-aria_collapsed=\"Cliquez pour \u00e9tendre : Combien de temps dure le trajet en m\u00e9tro de l\u2019a\u00e9roport au centre-ville de Barcelone ?\" data-aria_expanded=\"Cliquez pour r\u00e9duire : Combien de temps dure le trajet en m\u00e9tro de l\u2019a\u00e9roport au centre-ville de Barcelone ?\">Combien de temps dure le trajet en m\u00e9tro de l\u2019a\u00e9roport au centre-ville de Barcelone ?<span class=\"toggle_icon\"><span class=\"vert_icon\"><\/span><span class=\"hor_icon\"><\/span><\/span><\/p><div id='toggle-id-4' aria-labelledby='toggle-toggle-id-4' role='region' class='toggle_wrap  av-title-above'   itemscope=\"itemscope\" itemprop=\"acceptedAnswer\" itemtype=\"https:\/\/schema.org\/Answer\" ><div class='toggle_content invers-color av-inherit-font-color hasCustomColor av-inherit-border-color'  itemprop=\"text\" ><p>La ligne de m\u00e9tro L9 Sud circule toutes les 7 minutes, vous n&rsquo;aurez donc pas beaucoup d&rsquo;attente \u00e0 l&rsquo;a\u00e9roport. La dur\u00e9e du trajet d\u00e9pend de votre destination :<\/p>\n<ul>\n<li>Il vous faudra <strong>32 minutes<\/strong> pour atteindre le terminus Zona Universitaria.<\/li>\n<li>Pour le centre-ville (par exemple Pla\u00e7a de Catalunya), il faut compter environ <strong>50 minutes<\/strong>, avec un changement \u00e0 l&rsquo;arr\u00eat Torrassa pour la ligne L1.<\/li>\n<\/ul>\n<p>Pour plus d&rsquo;informations et de conseils, visitez <span style=\"text-decoration: underline;\"><strong><a href=\"https:\/\/www.travelguide.barcelona\/fr\/aeroport-elprat-bcn\/transfert-centre-ville\/metro-2\/\">notre site web.<\/a><\/strong><\/span><\/p>\n<\/div><\/div><\/div><\/section>\n<section class='av_toggle_section av-l14sfp3e-f052931881ea0bdaf2ceb1557c34e5db'  itemscope=\"itemscope\" itemprop=\"mainEntity\" itemtype=\"https:\/\/schema.org\/Question\" ><div role=\"tablist\" class=\"single_toggle\" data-tags=\"{Tout} \"  ><p id='toggle-toggle-id-5' data-fake-id='#toggle-id-5' class='toggler  av-title-above av-inherit-font-color hasCustomColor av-inherit-border-color'  itemprop=\"name\"  role='tab' tabindex='0' aria-controls='toggle-id-5' data-slide-speed=\"200\" data-title=\"Quel ticket pour le m\u00e9tro A\u00e9roport de Barcelone \u2194 centre-ville ?\" data-title-open=\"\" data-aria_collapsed=\"Cliquez pour \u00e9tendre : Quel ticket pour le m\u00e9tro A\u00e9roport de Barcelone \u2194 centre-ville ?\" data-aria_expanded=\"Cliquez pour r\u00e9duire : Quel ticket pour le m\u00e9tro A\u00e9roport de Barcelone \u2194 centre-ville ?\">Quel ticket pour le m\u00e9tro A\u00e9roport de Barcelone \u2194 centre-ville ?<span class=\"toggle_icon\"><span class=\"vert_icon\"><\/span><span class=\"hor_icon\"><\/span><\/span><\/p><div id='toggle-id-5' aria-labelledby='toggle-toggle-id-5' role='region' class='toggle_wrap  av-title-above'   itemscope=\"itemscope\" itemprop=\"acceptedAnswer\" itemtype=\"https:\/\/schema.org\/Answer\" ><div class='toggle_content invers-color av-inherit-font-color hasCustomColor av-inherit-border-color'  itemprop=\"text\" ><p>De notre point de vue, la <a href=\"https:\/\/www.travelguide.barcelona\/fr\/transportspublics\/holabcn-hola-barcelona-travel-card\/\">Hola Barcelona Travel Card<\/a> est la plus appropri\u00e9e pour les visiteurs de la ville de Barcelone qui souhaitent utiliser les transports en commun de la ville pendant leur s\u00e9jour.<\/p>\n<p>Pour plus d&rsquo;informations et de conseils, visitez <span style=\"text-decoration: underline;\"><strong><a href=\"https:\/\/www.travelguide.barcelona\/fr\/aeroport-elprat-bcn\/transfert-centre-ville\/metro-2\/\">notre site web.<\/a><\/strong><\/span><\/p>\n<\/div><\/div><\/div><\/section>\n<\/div>\n<div  class='hr av-45kjgv-d3ca1974eaa4fec404b3c7ddc9369cd6 hr-default  avia-builder-el-61  el_after_av_toggle_container  el_before_av_comments_list '><span class='hr-inner '><span class=\"hr-inner-style\"><\/span><\/span><\/div>\n<div  class='av-buildercomment av-2fq8v3-3eea18f1f4aa7a8733e8ea70623df59b  av-blog-meta-author-disabled av-blog-meta-comments-disabled av-blog-meta-category-disabled av-blog-meta-date-disabled av-blog-meta-html-info-disabled av-blog-meta-tag-disabled'><\/div>\n","protected":false},"excerpt":{"rendered":"","protected":false},"author":1,"featured_media":1144,"comment_status":"open","ping_status":"open","sticky":false,"template":"","format":"standard","meta":{"footnotes":""},"categories":[73,62],"tags":[],"class_list":["post-1135","post","type-post","status-publish","format-standard","has-post-thumbnail","hentry","category-transfer-city-center-fr","category-transfert-centre-ville"],"yoast_head":"<!-- This site is optimized with the Yoast SEO plugin v27.4 - https:\/\/yoast.com\/product\/yoast-seo-wordpress\/ -->\n<title>Transfert : M\u00e9tro a\u00e9roport Barcelone-El Prat \u2192 centre-ville (2026)<\/title>\n<meta name=\"description\" content=\"Informations, cartes, prix actuels (2026), horaires et conseils sur le transfert en m\u00e9tro ? A\u00e9roport de Barcelone \u2192 centre-ville ?\" \/>\n<meta name=\"robots\" content=\"index, follow, max-snippet:-1, max-image-preview:large, max-video-preview:-1\" \/>\n<link rel=\"canonical\" href=\"https:\/\/www.travelguide.barcelona\/fr\/aeroport-elprat-bcn\/transfert-centre-ville\/metro-2\/\" \/>\n<meta property=\"og:locale\" content=\"fr_FR\" \/>\n<meta property=\"og:type\" content=\"article\" \/>\n<meta property=\"og:title\" content=\"Transfert : M\u00e9tro a\u00e9roport Barcelone-El Prat \u2192 centre-ville (2026)\" \/>\n<meta property=\"og:description\" content=\"Informations, cartes, prix actuels (2026), horaires et conseils sur le transfert en m\u00e9tro ? A\u00e9roport de Barcelone \u2192 centre-ville ?\" \/>\n<meta property=\"og:url\" content=\"https:\/\/www.travelguide.barcelona\/fr\/aeroport-elprat-bcn\/transfert-centre-ville\/metro-2\/\" \/>\n<meta property=\"og:site_name\" content=\"Barcelona public transport\" \/>\n<meta property=\"article:published_time\" content=\"2021-09-17T07:53:27+00:00\" \/>\n<meta property=\"article:modified_time\" content=\"2026-02-06T12:41:47+00:00\" \/>\n<meta property=\"og:image\" content=\"https:\/\/www.travelguide.barcelona\/wp-content\/uploads\/2021\/09\/metro_barcelona_airport.jpg\" \/>\n\t<meta property=\"og:image:width\" content=\"1500\" \/>\n\t<meta property=\"og:image:height\" content=\"350\" \/>\n\t<meta property=\"og:image:type\" content=\"image\/jpeg\" \/>\n<meta name=\"author\" content=\"travelguide.barcelona\" \/>\n<meta name=\"twitter:card\" content=\"summary_large_image\" \/>\n<meta name=\"twitter:label1\" content=\"\u00c9crit par\" \/>\n\t<meta name=\"twitter:data1\" content=\"travelguide.barcelona\" \/>\n\t<meta name=\"twitter:label2\" content=\"Dur\u00e9e de lecture estim\u00e9e\" \/>\n\t<meta name=\"twitter:data2\" content=\"9 minutes\" \/>\n<script type=\"application\/ld+json\" class=\"yoast-schema-graph\">{\"@context\":\"https:\\\/\\\/schema.org\",\"@graph\":[{\"@type\":\"Article\",\"@id\":\"https:\\\/\\\/www.travelguide.barcelona\\\/fr\\\/aeroport-elprat-bcn\\\/transfert-centre-ville\\\/metro-2\\\/#article\",\"isPartOf\":{\"@id\":\"https:\\\/\\\/www.travelguide.barcelona\\\/fr\\\/aeroport-elprat-bcn\\\/transfert-centre-ville\\\/metro-2\\\/\"},\"author\":{\"name\":\"travelguide.barcelona\",\"@id\":\"https:\\\/\\\/www.travelguide.barcelona\\\/#\\\/schema\\\/person\\\/24ce2ee86bb8f21cebc873e9f226bceb\"},\"headline\":\"Transfert de l&rsquo;a\u00e9roport: en m\u00e9tro de l&rsquo;a\u00e9roport \u2192 centre ville\",\"datePublished\":\"2021-09-17T07:53:27+00:00\",\"dateModified\":\"2026-02-06T12:41:47+00:00\",\"mainEntityOfPage\":{\"@id\":\"https:\\\/\\\/www.travelguide.barcelona\\\/fr\\\/aeroport-elprat-bcn\\\/transfert-centre-ville\\\/metro-2\\\/\"},\"wordCount\":12889,\"commentCount\":8,\"image\":{\"@id\":\"https:\\\/\\\/www.travelguide.barcelona\\\/fr\\\/aeroport-elprat-bcn\\\/transfert-centre-ville\\\/metro-2\\\/#primaryimage\"},\"thumbnailUrl\":\"https:\\\/\\\/www.travelguide.barcelona\\\/wp-content\\\/uploads\\\/2021\\\/09\\\/metro_barcelona_airport.jpg\",\"articleSection\":[\"Transfer City Center\",\"Transfert centre ville\"],\"inLanguage\":\"fr-FR\",\"potentialAction\":[{\"@type\":\"CommentAction\",\"name\":\"Comment\",\"target\":[\"https:\\\/\\\/www.travelguide.barcelona\\\/fr\\\/aeroport-elprat-bcn\\\/transfert-centre-ville\\\/metro-2\\\/#respond\"]}]},{\"@type\":\"WebPage\",\"@id\":\"https:\\\/\\\/www.travelguide.barcelona\\\/fr\\\/aeroport-elprat-bcn\\\/transfert-centre-ville\\\/metro-2\\\/\",\"url\":\"https:\\\/\\\/www.travelguide.barcelona\\\/fr\\\/aeroport-elprat-bcn\\\/transfert-centre-ville\\\/metro-2\\\/\",\"name\":\"Transfert : M\u00e9tro a\u00e9roport Barcelone-El Prat \u2192 centre-ville (2026)\",\"isPartOf\":{\"@id\":\"https:\\\/\\\/www.travelguide.barcelona\\\/#website\"},\"primaryImageOfPage\":{\"@id\":\"https:\\\/\\\/www.travelguide.barcelona\\\/fr\\\/aeroport-elprat-bcn\\\/transfert-centre-ville\\\/metro-2\\\/#primaryimage\"},\"image\":{\"@id\":\"https:\\\/\\\/www.travelguide.barcelona\\\/fr\\\/aeroport-elprat-bcn\\\/transfert-centre-ville\\\/metro-2\\\/#primaryimage\"},\"thumbnailUrl\":\"https:\\\/\\\/www.travelguide.barcelona\\\/wp-content\\\/uploads\\\/2021\\\/09\\\/metro_barcelona_airport.jpg\",\"datePublished\":\"2021-09-17T07:53:27+00:00\",\"dateModified\":\"2026-02-06T12:41:47+00:00\",\"author\":{\"@id\":\"https:\\\/\\\/www.travelguide.barcelona\\\/#\\\/schema\\\/person\\\/24ce2ee86bb8f21cebc873e9f226bceb\"},\"description\":\"Informations, cartes, prix actuels (2026), horaires et conseils sur le transfert en m\u00e9tro ? A\u00e9roport de Barcelone \u2192 centre-ville ?\",\"breadcrumb\":{\"@id\":\"https:\\\/\\\/www.travelguide.barcelona\\\/fr\\\/aeroport-elprat-bcn\\\/transfert-centre-ville\\\/metro-2\\\/#breadcrumb\"},\"inLanguage\":\"fr-FR\",\"potentialAction\":[{\"@type\":\"ReadAction\",\"target\":[\"https:\\\/\\\/www.travelguide.barcelona\\\/fr\\\/aeroport-elprat-bcn\\\/transfert-centre-ville\\\/metro-2\\\/\"]}]},{\"@type\":\"ImageObject\",\"inLanguage\":\"fr-FR\",\"@id\":\"https:\\\/\\\/www.travelguide.barcelona\\\/fr\\\/aeroport-elprat-bcn\\\/transfert-centre-ville\\\/metro-2\\\/#primaryimage\",\"url\":\"https:\\\/\\\/www.travelguide.barcelona\\\/wp-content\\\/uploads\\\/2021\\\/09\\\/metro_barcelona_airport.jpg\",\"contentUrl\":\"https:\\\/\\\/www.travelguide.barcelona\\\/wp-content\\\/uploads\\\/2021\\\/09\\\/metro_barcelona_airport.jpg\",\"width\":1500,\"height\":350},{\"@type\":\"BreadcrumbList\",\"@id\":\"https:\\\/\\\/www.travelguide.barcelona\\\/fr\\\/aeroport-elprat-bcn\\\/transfert-centre-ville\\\/metro-2\\\/#breadcrumb\",\"itemListElement\":[{\"@type\":\"ListItem\",\"position\":1,\"name\":\"Startseite\",\"item\":\"https:\\\/\\\/www.travelguide.barcelona\\\/fr\\\/\"},{\"@type\":\"ListItem\",\"position\":2,\"name\":\"Transfert de l&#8217;a\u00e9roport: en m\u00e9tro de l&#8217;a\u00e9roport \u2192 centre ville\"}]},{\"@type\":\"WebSite\",\"@id\":\"https:\\\/\\\/www.travelguide.barcelona\\\/#website\",\"url\":\"https:\\\/\\\/www.travelguide.barcelona\\\/\",\"name\":\"Barcelona public transport\",\"description\":\"Metro, Bus, Tickets  &amp; more - travel guide\",\"potentialAction\":[{\"@type\":\"SearchAction\",\"target\":{\"@type\":\"EntryPoint\",\"urlTemplate\":\"https:\\\/\\\/www.travelguide.barcelona\\\/?s={search_term_string}\"},\"query-input\":{\"@type\":\"PropertyValueSpecification\",\"valueRequired\":true,\"valueName\":\"search_term_string\"}}],\"inLanguage\":\"fr-FR\"},{\"@type\":\"Person\",\"@id\":\"https:\\\/\\\/www.travelguide.barcelona\\\/#\\\/schema\\\/person\\\/24ce2ee86bb8f21cebc873e9f226bceb\",\"name\":\"travelguide.barcelona\",\"image\":{\"@type\":\"ImageObject\",\"inLanguage\":\"fr-FR\",\"@id\":\"https:\\\/\\\/www.travelguide.barcelona\\\/wp-content\\\/uploads\\\/2016\\\/10\\\/cropped-public_transport_bcn-96x96.png\",\"url\":\"https:\\\/\\\/www.travelguide.barcelona\\\/wp-content\\\/uploads\\\/2016\\\/10\\\/cropped-public_transport_bcn-96x96.png\",\"contentUrl\":\"https:\\\/\\\/www.travelguide.barcelona\\\/wp-content\\\/uploads\\\/2016\\\/10\\\/cropped-public_transport_bcn-96x96.png\",\"caption\":\"travelguide.barcelona\"}}]}<\/script>\n<!-- \/ Yoast SEO plugin. -->","yoast_head_json":{"title":"Transfert : M\u00e9tro a\u00e9roport Barcelone-El Prat \u2192 centre-ville (2026)","description":"Informations, cartes, prix actuels (2026), horaires et conseils sur le transfert en m\u00e9tro ? A\u00e9roport de Barcelone \u2192 centre-ville ?","robots":{"index":"index","follow":"follow","max-snippet":"max-snippet:-1","max-image-preview":"max-image-preview:large","max-video-preview":"max-video-preview:-1"},"canonical":"https:\/\/www.travelguide.barcelona\/fr\/aeroport-elprat-bcn\/transfert-centre-ville\/metro-2\/","og_locale":"fr_FR","og_type":"article","og_title":"Transfert : M\u00e9tro a\u00e9roport Barcelone-El Prat \u2192 centre-ville (2026)","og_description":"Informations, cartes, prix actuels (2026), horaires et conseils sur le transfert en m\u00e9tro ? A\u00e9roport de Barcelone \u2192 centre-ville ?","og_url":"https:\/\/www.travelguide.barcelona\/fr\/aeroport-elprat-bcn\/transfert-centre-ville\/metro-2\/","og_site_name":"Barcelona public transport","article_published_time":"2021-09-17T07:53:27+00:00","article_modified_time":"2026-02-06T12:41:47+00:00","og_image":[{"width":1500,"height":350,"url":"https:\/\/www.travelguide.barcelona\/wp-content\/uploads\/2021\/09\/metro_barcelona_airport.jpg","type":"image\/jpeg"}],"author":"travelguide.barcelona","twitter_card":"summary_large_image","twitter_misc":{"\u00c9crit par":"travelguide.barcelona","Dur\u00e9e de lecture estim\u00e9e":"9 minutes"},"schema":{"@context":"https:\/\/schema.org","@graph":[{"@type":"Article","@id":"https:\/\/www.travelguide.barcelona\/fr\/aeroport-elprat-bcn\/transfert-centre-ville\/metro-2\/#article","isPartOf":{"@id":"https:\/\/www.travelguide.barcelona\/fr\/aeroport-elprat-bcn\/transfert-centre-ville\/metro-2\/"},"author":{"name":"travelguide.barcelona","@id":"https:\/\/www.travelguide.barcelona\/#\/schema\/person\/24ce2ee86bb8f21cebc873e9f226bceb"},"headline":"Transfert de l&rsquo;a\u00e9roport: en m\u00e9tro de l&rsquo;a\u00e9roport \u2192 centre ville","datePublished":"2021-09-17T07:53:27+00:00","dateModified":"2026-02-06T12:41:47+00:00","mainEntityOfPage":{"@id":"https:\/\/www.travelguide.barcelona\/fr\/aeroport-elprat-bcn\/transfert-centre-ville\/metro-2\/"},"wordCount":12889,"commentCount":8,"image":{"@id":"https:\/\/www.travelguide.barcelona\/fr\/aeroport-elprat-bcn\/transfert-centre-ville\/metro-2\/#primaryimage"},"thumbnailUrl":"https:\/\/www.travelguide.barcelona\/wp-content\/uploads\/2021\/09\/metro_barcelona_airport.jpg","articleSection":["Transfer City Center","Transfert centre ville"],"inLanguage":"fr-FR","potentialAction":[{"@type":"CommentAction","name":"Comment","target":["https:\/\/www.travelguide.barcelona\/fr\/aeroport-elprat-bcn\/transfert-centre-ville\/metro-2\/#respond"]}]},{"@type":"WebPage","@id":"https:\/\/www.travelguide.barcelona\/fr\/aeroport-elprat-bcn\/transfert-centre-ville\/metro-2\/","url":"https:\/\/www.travelguide.barcelona\/fr\/aeroport-elprat-bcn\/transfert-centre-ville\/metro-2\/","name":"Transfert : M\u00e9tro a\u00e9roport Barcelone-El Prat \u2192 centre-ville (2026)","isPartOf":{"@id":"https:\/\/www.travelguide.barcelona\/#website"},"primaryImageOfPage":{"@id":"https:\/\/www.travelguide.barcelona\/fr\/aeroport-elprat-bcn\/transfert-centre-ville\/metro-2\/#primaryimage"},"image":{"@id":"https:\/\/www.travelguide.barcelona\/fr\/aeroport-elprat-bcn\/transfert-centre-ville\/metro-2\/#primaryimage"},"thumbnailUrl":"https:\/\/www.travelguide.barcelona\/wp-content\/uploads\/2021\/09\/metro_barcelona_airport.jpg","datePublished":"2021-09-17T07:53:27+00:00","dateModified":"2026-02-06T12:41:47+00:00","author":{"@id":"https:\/\/www.travelguide.barcelona\/#\/schema\/person\/24ce2ee86bb8f21cebc873e9f226bceb"},"description":"Informations, cartes, prix actuels (2026), horaires et conseils sur le transfert en m\u00e9tro ? A\u00e9roport de Barcelone \u2192 centre-ville ?","breadcrumb":{"@id":"https:\/\/www.travelguide.barcelona\/fr\/aeroport-elprat-bcn\/transfert-centre-ville\/metro-2\/#breadcrumb"},"inLanguage":"fr-FR","potentialAction":[{"@type":"ReadAction","target":["https:\/\/www.travelguide.barcelona\/fr\/aeroport-elprat-bcn\/transfert-centre-ville\/metro-2\/"]}]},{"@type":"ImageObject","inLanguage":"fr-FR","@id":"https:\/\/www.travelguide.barcelona\/fr\/aeroport-elprat-bcn\/transfert-centre-ville\/metro-2\/#primaryimage","url":"https:\/\/www.travelguide.barcelona\/wp-content\/uploads\/2021\/09\/metro_barcelona_airport.jpg","contentUrl":"https:\/\/www.travelguide.barcelona\/wp-content\/uploads\/2021\/09\/metro_barcelona_airport.jpg","width":1500,"height":350},{"@type":"BreadcrumbList","@id":"https:\/\/www.travelguide.barcelona\/fr\/aeroport-elprat-bcn\/transfert-centre-ville\/metro-2\/#breadcrumb","itemListElement":[{"@type":"ListItem","position":1,"name":"Startseite","item":"https:\/\/www.travelguide.barcelona\/fr\/"},{"@type":"ListItem","position":2,"name":"Transfert de l&#8217;a\u00e9roport: en m\u00e9tro de l&#8217;a\u00e9roport \u2192 centre ville"}]},{"@type":"WebSite","@id":"https:\/\/www.travelguide.barcelona\/#website","url":"https:\/\/www.travelguide.barcelona\/","name":"Barcelona public transport","description":"Metro, Bus, Tickets  &amp; more - travel guide","potentialAction":[{"@type":"SearchAction","target":{"@type":"EntryPoint","urlTemplate":"https:\/\/www.travelguide.barcelona\/?s={search_term_string}"},"query-input":{"@type":"PropertyValueSpecification","valueRequired":true,"valueName":"search_term_string"}}],"inLanguage":"fr-FR"},{"@type":"Person","@id":"https:\/\/www.travelguide.barcelona\/#\/schema\/person\/24ce2ee86bb8f21cebc873e9f226bceb","name":"travelguide.barcelona","image":{"@type":"ImageObject","inLanguage":"fr-FR","@id":"https:\/\/www.travelguide.barcelona\/wp-content\/uploads\/2016\/10\/cropped-public_transport_bcn-96x96.png","url":"https:\/\/www.travelguide.barcelona\/wp-content\/uploads\/2016\/10\/cropped-public_transport_bcn-96x96.png","contentUrl":"https:\/\/www.travelguide.barcelona\/wp-content\/uploads\/2016\/10\/cropped-public_transport_bcn-96x96.png","caption":"travelguide.barcelona"}}]}},"_links":{"self":[{"href":"https:\/\/www.travelguide.barcelona\/fr\/wp-json\/wp\/v2\/posts\/1135","targetHints":{"allow":["GET"]}}],"collection":[{"href":"https:\/\/www.travelguide.barcelona\/fr\/wp-json\/wp\/v2\/posts"}],"about":[{"href":"https:\/\/www.travelguide.barcelona\/fr\/wp-json\/wp\/v2\/types\/post"}],"author":[{"embeddable":true,"href":"https:\/\/www.travelguide.barcelona\/fr\/wp-json\/wp\/v2\/users\/1"}],"replies":[{"embeddable":true,"href":"https:\/\/www.travelguide.barcelona\/fr\/wp-json\/wp\/v2\/comments?post=1135"}],"version-history":[{"count":0,"href":"https:\/\/www.travelguide.barcelona\/fr\/wp-json\/wp\/v2\/posts\/1135\/revisions"}],"wp:featuredmedia":[{"embeddable":true,"href":"https:\/\/www.travelguide.barcelona\/fr\/wp-json\/wp\/v2\/media\/1144"}],"wp:attachment":[{"href":"https:\/\/www.travelguide.barcelona\/fr\/wp-json\/wp\/v2\/media?parent=1135"}],"wp:term":[{"taxonomy":"category","embeddable":true,"href":"https:\/\/www.travelguide.barcelona\/fr\/wp-json\/wp\/v2\/categories?post=1135"},{"taxonomy":"post_tag","embeddable":true,"href":"https:\/\/www.travelguide.barcelona\/fr\/wp-json\/wp\/v2\/tags?post=1135"}],"curies":[{"name":"wp","href":"https:\/\/api.w.org\/{rel}","templated":true}]}}